{"id":3400,"date":"2018-01-30T22:45:06","date_gmt":"2018-01-30T21:45:06","guid":{"rendered":"http:\/\/www.hijasdelamisericordia.com\/30-enero-dia-la-no-violencia-la-paz\/"},"modified":"2024-06-27T12:48:17","modified_gmt":"2024-06-27T10:48:17","slug":"30-enero-dia-la-no-violencia-la-paz","status":"publish","type":"post","link":"http:\/\/www.hijasdelamisericordia.com\/ca\/30-enero-dia-la-no-violencia-la-paz\/","title":{"rendered":"30 de enero, D\u00eda de la No Violencia y la Paz"},"content":{"rendered":"<p>Los alumnos de todos los centros San Francisco de As\u00eds han participado en una actividad com\u00fan para celebrar el D\u00eda Internacional de la No Violencia y la Paz, una conmemoraci\u00f3n que recuerda la muerte del pacifista Mahatma Gandhi y que se celebra desde 1964.<\/p>\n<p>La de los CSFA ha sido una celebraci\u00f3n muy participada, en la que tambi\u00e9n se ha incluido a las familias, padres y madres que han podido escribir sus mensajes de paz en las plumas que, entre todos, han ido cubriendo las alas de nuestro especial \u00e1ngel de la paz.<\/p>\n<p>El objetivo de esta actividad compartida ha sido trabajar los valores de tolerancia, solidaridad, concordia y respeto a los Derechos Humanos.<\/p>\n<p>Para los CSFA estos son los valores que, sin duda, contribuyen a un mundo en paz y con entendimiento entre las personas, independientemente de su formaci\u00f3n, raza, cultura y religi\u00f3n. Nuestro lema del curso, \u201cMiramos hacia dentro, vivimos hacia fuera\u201d, es una de las herramientas que utilizamos precisamente para que nuestro alumnado sea capaz de construir un mundo m\u00e1s justo, gracias precisamente a un mejor conocimiento propio y del reconocimiento de la importancia de una vida en harmon\u00eda y fraternidad, con el resto de personas, con el entorno natural y con uno mismo.<\/p>","protected":false},"excerpt":{"rendered":"<p>Los alumnos de todos los centros San Francisco de As\u00eds han participado en una actividad com\u00fan para celebrar el D\u00eda Internacional de la No Violencia y la Paz, una conmemoraci\u00f3n que recuerda la muerte del pacifista Mahatma Gandhi y que se celebra desde 1964. La de los CSFA ha sido una celebraci\u00f3n muy participada, en&hellip;&nbsp;<a href=\"http:\/\/www.hijasdelamisericordia.com\/ca\/30-enero-dia-la-no-violencia-la-paz\/\" rel=\"bookmark\">Llegiu m\u00e9s &raquo;<span class=\"screen-reader-text\">30 de enero, D\u00eda de la No Violencia y la Paz<\/span><\/a><\/p>","protected":false},"author":1,"featured_media":0,"comment_status":"closed","ping_status":"open","sticky":false,"template":"","format":"standard","meta":{"sfsi_plus_gutenberg_text_before_share":"","sfsi_plus_gutenberg_show_text_before_share":"","sfsi_plus_gutenberg_icon_type":"","sfsi_plus_gutenberg_icon_alignemt":"","sfsi_plus_gutenburg_max_per_row":"","neve_meta_sidebar":"","neve_meta_container":"","neve_meta_enable_content_width":"","neve_meta_content_width":0,"neve_meta_title_alignment":"","neve_meta_author_avatar":"","neve_post_elements_order":"","neve_meta_disable_header":"","neve_meta_disable_footer":"","neve_meta_disable_title":"","footnotes":""},"categories":[26,147],"tags":[],"class_list":["post-3400","post","type-post","status-publish","format-standard","hentry","category-news","category-csfa"],"_links":{"self":[{"href":"http:\/\/www.hijasdelamisericordia.com\/ca\/wp-json\/wp\/v2\/posts\/3400","targetHints":{"allow":["GET"]}}],"collection":[{"href":"http:\/\/www.hijasdelamisericordia.com\/ca\/wp-json\/wp\/v2\/posts"}],"about":[{"href":"http:\/\/www.hijasdelamisericordia.com\/ca\/wp-json\/wp\/v2\/types\/post"}],"author":[{"embeddable":true,"href":"http:\/\/www.hijasdelamisericordia.com\/ca\/wp-json\/wp\/v2\/users\/1"}],"replies":[{"embeddable":true,"href":"http:\/\/www.hijasdelamisericordia.com\/ca\/wp-json\/wp\/v2\/comments?post=3400"}],"version-history":[{"count":0,"href":"http:\/\/www.hijasdelamisericordia.com\/ca\/wp-json\/wp\/v2\/posts\/3400\/revisions"}],"wp:attachment":[{"href":"http:\/\/www.hijasdelamisericordia.com\/ca\/wp-json\/wp\/v2\/media?parent=3400"}],"wp:term":[{"taxonomy":"category","embeddable":true,"href":"http:\/\/www.hijasdelamisericordia.com\/ca\/wp-json\/wp\/v2\/categories?post=3400"},{"taxonomy":"post_tag","embeddable":true,"href":"http:\/\/www.hijasdelamisericordia.com\/ca\/wp-json\/wp\/v2\/tags?post=3400"}],"curies":[{"name":"wp","href":"https:\/\/api.w.org\/{rel}","templated":true}]}}