{"id":12851,"date":"2025-10-30T08:50:37","date_gmt":"2025-10-30T06:50:37","guid":{"rendered":"https:\/\/www.hijasdelamisericordia.com\/?p=12851"},"modified":"2025-10-30T08:51:16","modified_gmt":"2025-10-30T06:51:16","slug":"que-el-cantico-resuene","status":"publish","type":"post","link":"https:\/\/www.hijasdelamisericordia.com\/ca\/que-el-cantico-resuene\/","title":{"rendered":"Que el C\u00e0ntic ressoni!"},"content":{"rendered":"<p><\/p>\n\n\n\n<p>800 anys de la composici\u00f3 del C\u00e0ntic de les Criatures<\/p>\n\n\n\n<p class=\"translation-block\">Aquest any venim celebrant el vuit\u00e8 centenari de la composici\u00f3 del C\u00e0ntic de les Criatures, en el qual sant Francesc d\u2019Ass\u00eds comparteix <strong>un missatge de reconciliaci\u00f3 i de pau en un m\u00f3n ferit.<\/strong><\/p>\n\n\n\n<p class=\"translation-block\">En el primer manuscrit de mitjan segle XIII que ens ha transm\u00e8s aquest <strong>poema i oraci\u00f3 bell\u00edssims de Francesc,<\/strong> hi apareixen dues l\u00ednies en blanc que, pel que sembla, estaven destinades a contenir la melodia per cantar-lo. El copista no hi va posar aquella m\u00fasica primera del C\u00e0ntic, segurament perqu\u00e8 se la sabien de mem\u00f2ria.<\/p>\n\n\n\n<p class=\"translation-block\">S\u00f3n moltes les melodies que, d\u2019alguna manera, han omplert aquest buit al llarg de la hist\u00f2ria. El I Concurs Internacional de Composici\u00f3 \u00abSant Francesc d\u2019Ass\u00eds\u00bb que hem celebrat enguany al voltant del C\u00e0ntic, ha estat una bona manera de continuar apropant-nos-hi i de celebrar-lo. Una manera art\u00edstica, joglaresca i po\u00e8tica de continuar fent all\u00f2 que Francesc volia: <strong>que el C\u00e0ntic resson\u00e9s pels camins del m\u00f3n, per tot el cosmos, com una invitaci\u00f3 a la lloan\u00e7a comuna, a la trobada i a la fraternitat universal.<\/strong><\/p>\n\n\n\n<p class=\"translation-block\">Com b\u00e9 sabeu, Francesc va escriure aquestes <em>Laudes Creaturarum<\/em>, el \u201cC\u00e0ntic de les Criatures\u201d, en aquell itali\u00e0 naixent que es despren\u00eda del llat\u00ed. Les va acompanyar amb una m\u00fasica i va voler que els germans menors, <strong>com a joglars de D\u00e9u,<\/strong> les cantessin per tots els camins del m\u00f3n sencer.<\/p>\n\n\n\n<p class=\"translation-block\">Ens conten les Fonts Franciscans: \u00abVolia, i \u00e9s el que els aconsellava, que primer algun d\u2019ells que sab\u00e9s predicar ho fes, i que despr\u00e9s de la predicaci\u00f3 cantessin les Lloances del Senyor, com a veritables joglars del Senyor. Volia que, un cop acabades les Lloances, el predicador digu\u00e9s al poble: \u201cSom joglars del Senyor, i l\u2019\u00fanica paga que desitgem de vosaltres \u00e9s que romangueu en veritable penit\u00e8ncia\u201d. I afegia: <strong>\u201cQu\u00e8 s\u00f3n, en efecte, els servents de D\u00e9u, sin\u00f3 uns joglars que han de commoure els cors per encaminar-los cap a les alegries de l\u2019esperit?\u201d<\/strong>. I ho deia especialment dels germans menors que han estat donats al poble per a la seva salvaci\u00f3.\u00bb<\/p>\n\n\n\n<p class=\"translation-block\">Francesc, amb el seu C\u00e0ntic, ens continua convidant a tots avui, vuit-cents anys despr\u00e9s, en aquesta nostra hist\u00f2ria, a ser, com ell, joglars: a contar i cantar belles hist\u00f2ries i a fer-ho d\u2019una manera hermosa; <strong>a peregrinar per la terra sembrant Esperan\u00e7a;<\/strong> a descobrir en el nostre cor, en cada criatura i en tota la creaci\u00f3 <strong>una veritable i misteriosa melodia que ens uneix.<\/strong><\/p>\n\n\n\n<p>A tots i a totes, PAU I B\u00c9!<\/p>\n\n\n\n<p>Jes\u00fas Torrecilla<br>Comisi\u00f3n Nacional para los Centenarios Franciscanos<\/p>\n\n\n\n<p>Imagen: Brandi Alexandra en Unsplash<\/p>","protected":false},"excerpt":{"rendered":"<p>800 a\u00f1os de la composici\u00f3n del C\u00e1ntico de las Criaturas Este a\u00f1o venimos celebrando el octavo centenario de la composici\u00f3n del C\u00e1ntico de las Criaturas, en el que san Francisco de As\u00eds comparte un mensaje de reconciliaci\u00f3n y paz en un mundo herido. En el primer manuscrito de mediados del siglo XIII que nos ha&hellip;&nbsp;<a href=\"https:\/\/www.hijasdelamisericordia.com\/ca\/que-el-cantico-resuene\/\" rel=\"bookmark\">Llegiu m\u00e9s &raquo;<span class=\"screen-reader-text\">Que el C\u00e0ntic ressoni!<\/span><\/a><\/p>","protected":false},"author":1,"featured_media":12852,"comment_status":"closed","ping_status":"open","sticky":false,"template":"","format":"standard","meta":{"sfsi_plus_gutenberg_text_before_share":"","sfsi_plus_gutenberg_show_text_before_share":"","sfsi_plus_gutenberg_icon_type":"","sfsi_plus_gutenberg_icon_alignemt":"","sfsi_plus_gutenburg_max_per_row":"","neve_meta_sidebar":"","neve_meta_container":"","neve_meta_enable_content_width":"","neve_meta_content_width":0,"neve_meta_title_alignment":"","neve_meta_author_avatar":"","neve_post_elements_order":"","neve_meta_disable_header":"","neve_meta_disable_footer":"","neve_meta_disable_title":"","footnotes":""},"categories":[26,171],"tags":[],"class_list":["post-12851","post","type-post","status-publish","format-standard","has-post-thumbnail","hentry","category-news","category-san-francisco"],"_links":{"self":[{"href":"https:\/\/www.hijasdelamisericordia.com\/ca\/wp-json\/wp\/v2\/posts\/12851","targetHints":{"allow":["GET"]}}],"collection":[{"href":"https:\/\/www.hijasdelamisericordia.com\/ca\/wp-json\/wp\/v2\/posts"}],"about":[{"href":"https:\/\/www.hijasdelamisericordia.com\/ca\/wp-json\/wp\/v2\/types\/post"}],"author":[{"embeddable":true,"href":"https:\/\/www.hijasdelamisericordia.com\/ca\/wp-json\/wp\/v2\/users\/1"}],"replies":[{"embeddable":true,"href":"https:\/\/www.hijasdelamisericordia.com\/ca\/wp-json\/wp\/v2\/comments?post=12851"}],"version-history":[{"count":0,"href":"https:\/\/www.hijasdelamisericordia.com\/ca\/wp-json\/wp\/v2\/posts\/12851\/revisions"}],"wp:featuredmedia":[{"embeddable":true,"href":"https:\/\/www.hijasdelamisericordia.com\/ca\/wp-json\/wp\/v2\/media\/12852"}],"wp:attachment":[{"href":"https:\/\/www.hijasdelamisericordia.com\/ca\/wp-json\/wp\/v2\/media?parent=12851"}],"wp:term":[{"taxonomy":"category","embeddable":true,"href":"https:\/\/www.hijasdelamisericordia.com\/ca\/wp-json\/wp\/v2\/categories?post=12851"},{"taxonomy":"post_tag","embeddable":true,"href":"https:\/\/www.hijasdelamisericordia.com\/ca\/wp-json\/wp\/v2\/tags?post=12851"}],"curies":[{"name":"wp","href":"https:\/\/api.w.org\/{rel}","templated":true}]}}