{"id":12855,"date":"2025-11-03T14:58:27","date_gmt":"2025-11-03T12:58:27","guid":{"rendered":"https:\/\/www.hijasdelamisericordia.com\/?p=12855"},"modified":"2025-11-03T14:58:59","modified_gmt":"2025-11-03T12:58:59","slug":"una-misma-esperanza-muchas-vidas-compartidas","status":"publish","type":"post","link":"https:\/\/www.hijasdelamisericordia.com\/ca\/una-misma-esperanza-muchas-vidas-compartidas\/","title":{"rendered":"\u00abUna mateixa esperan\u00e7a, moltes vides compartides\u00bb"},"content":{"rendered":"<p><strong>La resid\u00e8ncia \u201cVerge de l\u2019Esperan\u00e7a\u201d i Mater impulsen un nou model en l\u2019atenci\u00f3 a les persones amb discapacitat a Mallorca.<\/strong><\/p>\n\n\n\n<p class=\"translation-block\">La resid\u00e8ncia \u201cVerge de l\u2019Esperan\u00e7a\u201d ha empr\u00e8s un nou cam\u00ed molt il\u00b7lusionant amb <strong>un projecte pioner a Mallorca: 12 de les seves 64 places es destinen a persones grans amb discapacitat intel\u00b7lectual,<\/strong> permetent la conviv\u00e8ncia de persones grans amb i sense discapacitat dins d\u2019un mateix recurs residencial.<\/p>\n\n\n\n<p class=\"translation-block\">Es tracta d\u2019un <strong>projecte innovador i inclusiu<\/strong> \u2014basat en un model integral d\u2019atenci\u00f3 centrat en la persona\u2014, que posa l\u2019accent en l\u2019autonomia, els vincles afectius i la continu\u00eftat de la hist\u00f2ria de vida de cada persona.<\/p>\n\n\n\n<p class=\"translation-block\">La resid\u00e8ncia \u201cVerge de l\u2019Esperan\u00e7a\u201d, situada a Palma, \u00e9s un espai amb una <strong>llarga traject\u00f2ria en l\u2019atenci\u00f3 i acollida de persones grans<\/strong>. Hi conviuen germanes de la nostra Congregaci\u00f3 i persones laiques, en un ambient familiar i proper.<\/p>\n\n\n\n<p class=\"translation-block\">Gr\u00e0cies a aquesta iniciativa, algunes de les persones que s\u2019incorporen al projecte provenen dels serveis de Centre de Dia i Ocupacional de Mater, cosa que dona lloc a <strong>trobades plenes de significat<\/strong>: germanes i professionals es retroben amb persones a qui ja havien acompanyat durant anys.<\/p>\n\n\n\n<p class=\"translation-block\">\u201cLa resid\u00e8ncia de les Franciscanes Filles de la Miseric\u00f2rdia es consolida avui com un far de esperan\u00e7a per a moltes persones. Un espai que <strong>acull la diversitat i la fa m\u00e9s gran.<\/strong> Perqu\u00e8 nom\u00e9s amb realitats, amb fets valents, \u00e9s possible aixecar els fonaments del futur que somiem. Gr\u00e0cies, germanes, per obrir les portes a l\u2019esperan\u00e7a i a la Miseric\u00f2rdia\u201d, va assenyalar en l\u2019acte de presentaci\u00f3 del projecte Maria Ant\u00f2nia Fullana, directora de Mater.<\/p>\n\n\n\n<p class=\"translation-block\">La proposta neix del prop\u00f2sit de Mater d\u2019oferir una atenci\u00f3<strong> inclusiva i transformadora <\/strong>que garanteixi un <strong>envelliment sa, actiu i ple <\/strong>de les persones amb discapacitat intel\u00b7lectual i de les seves fam\u00edlies.<\/p>\n\n\n\n<p class=\"translation-block\">En paraules de la Germana Ant\u00f2nia Barrilero, representant de la Congregaci\u00f3, \u201caquesta inclinaci\u00f3 que suposa una mirada de miseric\u00f2rdia ens ha capacitat per ser, d\u2019alguna manera, <strong>pioneres en l\u2019atenci\u00f3 a la dona i a les persones amb majors necessitats.<\/strong> Aquesta vocaci\u00f3 de servei ens impulsa a continuar cercant noves formes d\u2019acompanyament i de cura, sempre guiades i sostingudes per l\u2019amor\u201d.<\/p>\n\n\n\n<p class=\"translation-block\">Aquesta iniciativa representa una aposta valenta per un model residencial que posa <strong>la persona al centre de totes les decisions<\/strong>, amb l\u2019objectiu de promoure un <strong>envelliment saludable <\/strong>i ple de sentit, fomentant un lleure actiu i enriquidor, i mantenint els vincles afectius i comunitaris.<\/p>\n\n\n\n<p class=\"translation-block\">El projecte tamb\u00e9 ofereix una resposta a situacions de doble depend\u00e8ncia, <strong>evitant la separaci\u00f3 entre persones grans i els seus fills o filles amb discapacitat<\/strong> perqu\u00e8 puguin continuar convivint amb els suports adequats.<\/p>\n\n\n\n<p class=\"translation-block\">La col\u00b7laboraci\u00f3 del Consell de Mallorca, a trav\u00e9s de la Direcci\u00f3 Insular de Persones amb Discapacitat, ha estat essencial per fer realitat el projecte.<strong> Moltes gr\u00e0cies <\/strong>a totes les persones que heu fet possible que la resid\u00e8ncia \u201cVerge de l\u2019Esperan\u00e7a\u201d es consolidi com un espai on<strong> l\u2019atenci\u00f3 integral, la professionalitat i la calidesa humana<\/strong> es fonen per continuar construint <strong>llocs de vida <\/strong>en qu\u00e8 cada persona pugui sentir-se com a casa.<\/p>","protected":false},"excerpt":{"rendered":"<p>La residencia \u201cVirgen de la Esperanza\u201d y Mater impulsan un nuevo modelo en la atenci\u00f3n a las personas con discapacidad en Mallorca La residencia \u201cVirgen de la Esperanza\u201d ha emprendido un nuevo camino muy ilusionante con un proyecto pionero en Mallorca: 12 de sus 64 plazas se destinan a personas mayores con discapacidad intelectual, permitiendo&hellip;&nbsp;<a href=\"https:\/\/www.hijasdelamisericordia.com\/ca\/una-misma-esperanza-muchas-vidas-compartidas\/\" rel=\"bookmark\">Llegiu m\u00e9s &raquo;<span class=\"screen-reader-text\">\u00abUna mateixa esperan\u00e7a, moltes vides compartides\u00bb<\/span><\/a><\/p>","protected":false},"author":1,"featured_media":12856,"comment_status":"closed","ping_status":"open","sticky":false,"template":"","format":"standard","meta":{"sfsi_plus_gutenberg_text_before_share":"","sfsi_plus_gutenberg_show_text_before_share":"","sfsi_plus_gutenberg_icon_type":"","sfsi_plus_gutenberg_icon_alignemt":"","sfsi_plus_gutenburg_max_per_row":"","neve_meta_sidebar":"","neve_meta_container":"","neve_meta_enable_content_width":"","neve_meta_content_width":0,"neve_meta_title_alignment":"","neve_meta_author_avatar":"","neve_post_elements_order":"","neve_meta_disable_header":"","neve_meta_disable_footer":"","neve_meta_disable_title":"","footnotes":""},"categories":[95,136],"tags":[],"class_list":["post-12855","post","type-post","status-publish","format-standard","has-post-thumbnail","hentry","category-mater","category-residencia-virgen-de-la-esperanza"],"_links":{"self":[{"href":"https:\/\/www.hijasdelamisericordia.com\/ca\/wp-json\/wp\/v2\/posts\/12855","targetHints":{"allow":["GET"]}}],"collection":[{"href":"https:\/\/www.hijasdelamisericordia.com\/ca\/wp-json\/wp\/v2\/posts"}],"about":[{"href":"https:\/\/www.hijasdelamisericordia.com\/ca\/wp-json\/wp\/v2\/types\/post"}],"author":[{"embeddable":true,"href":"https:\/\/www.hijasdelamisericordia.com\/ca\/wp-json\/wp\/v2\/users\/1"}],"replies":[{"embeddable":true,"href":"https:\/\/www.hijasdelamisericordia.com\/ca\/wp-json\/wp\/v2\/comments?post=12855"}],"version-history":[{"count":0,"href":"https:\/\/www.hijasdelamisericordia.com\/ca\/wp-json\/wp\/v2\/posts\/12855\/revisions"}],"wp:featuredmedia":[{"embeddable":true,"href":"https:\/\/www.hijasdelamisericordia.com\/ca\/wp-json\/wp\/v2\/media\/12856"}],"wp:attachment":[{"href":"https:\/\/www.hijasdelamisericordia.com\/ca\/wp-json\/wp\/v2\/media?parent=12855"}],"wp:term":[{"taxonomy":"category","embeddable":true,"href":"https:\/\/www.hijasdelamisericordia.com\/ca\/wp-json\/wp\/v2\/categories?post=12855"},{"taxonomy":"post_tag","embeddable":true,"href":"https:\/\/www.hijasdelamisericordia.com\/ca\/wp-json\/wp\/v2\/tags?post=12855"}],"curies":[{"name":"wp","href":"https:\/\/api.w.org\/{rel}","templated":true}]}}