{"id":908,"date":"2016-02-22T11:53:14","date_gmt":"2016-02-22T10:53:14","guid":{"rendered":"http:\/\/www.hijasdelamisericordia.com\/ca\/eucaristia-de-inicio-de-curso-de-la-conferencia-boliviana-de-religiososas\/"},"modified":"2024-06-24T10:51:20","modified_gmt":"2024-06-24T08:51:20","slug":"eucaristia-de-inicio-de-curso-de-la-conferencia-boliviana-de-religiososas","status":"publish","type":"post","link":"https:\/\/www.hijasdelamisericordia.com\/ca\/eucaristia-de-inicio-de-curso-de-la-conferencia-boliviana-de-religiososas\/","title":{"rendered":"Eucarist\u00eda de inicio de curso de la Conferencia Boliviana de Religiosos\/as"},"content":{"rendered":"<p>Ese mismo d\u00eda, todas las hermanas de la comunidad formativa de Cochabamba, asistieron a la Eucarist\u00eda de inicio de curso que la CBR (Conferencia Boliviana de Religiosos\/as), presidida por el arzobispo de Cochabamba. La CBR organiza tres cursos con materias de teolog\u00eda para favorecer una formaci\u00f3n conjunta intercongregacional, que adem\u00e1s de la formaci\u00f3n, facilita una convivencia armoniosa entre todas las congregaciones y permite a los\/as j\u00f3venes crecer en comuni\u00f3n desde los inicios de su proceso vocacional.<\/p>\n<p>En su homil\u00eda, D. Oscar Aparicio se\u00f1al\u00f3 que el \u00abinter\u00bb es un signo de comuni\u00f3n en la iglesia, un signo alternativo en un mundo de divisiones. En el \u00abIntercongregacional Nazaret\u00bb, as\u00ed es llamado el plan de formaci\u00f3n para j\u00f3venes que desean seguir a Jes\u00fas desde la vida religiosa, participan m\u00e1s de un centenar de j\u00f3venes, un espacio que facilita una formaci\u00f3n integral y una convivencia fraterna, dos buenos pilares para quienes desean exponer su vida y entregarla al servicio del Reino.<\/p>","protected":false},"excerpt":{"rendered":"<p>Ese mismo d\u00eda, todas las hermanas de la comunidad formativa de Cochabamba, asistieron a la Eucarist\u00eda de inicio de curso que la CBR (Conferencia Boliviana de Religiosos\/as), presidida por el arzobispo de Cochabamba. La CBR organiza tres cursos con materias de teolog\u00eda para favorecer una formaci\u00f3n conjunta intercongregacional, que adem\u00e1s de la formaci\u00f3n, facilita una&hellip;&nbsp;<a href=\"https:\/\/www.hijasdelamisericordia.com\/ca\/eucaristia-de-inicio-de-curso-de-la-conferencia-boliviana-de-religiososas\/\" rel=\"bookmark\">Llegiu m\u00e9s &raquo;<span class=\"screen-reader-text\">Eucarist\u00eda de inicio de curso de la Conferencia Boliviana de Religiosos\/as<\/span><\/a><\/p>","protected":false},"author":1,"featured_media":0,"comment_status":"closed","ping_status":"open","sticky":false,"template":"","format":"standard","meta":{"sfsi_plus_gutenberg_text_before_share":"","sfsi_plus_gutenberg_show_text_before_share":"","sfsi_plus_gutenberg_icon_type":"","sfsi_plus_gutenberg_icon_alignemt":"","sfsi_plus_gutenburg_max_per_row":"","neve_meta_sidebar":"","neve_meta_container":"","neve_meta_enable_content_width":"","neve_meta_content_width":0,"neve_meta_title_alignment":"","neve_meta_author_avatar":"","neve_post_elements_order":"","neve_meta_disable_header":"","neve_meta_disable_footer":"","neve_meta_disable_title":"","footnotes":""},"categories":[26],"tags":[],"class_list":["post-908","post","type-post","status-publish","format-standard","hentry","category-news"],"_links":{"self":[{"href":"https:\/\/www.hijasdelamisericordia.com\/ca\/wp-json\/wp\/v2\/posts\/908","targetHints":{"allow":["GET"]}}],"collection":[{"href":"https:\/\/www.hijasdelamisericordia.com\/ca\/wp-json\/wp\/v2\/posts"}],"about":[{"href":"https:\/\/www.hijasdelamisericordia.com\/ca\/wp-json\/wp\/v2\/types\/post"}],"author":[{"embeddable":true,"href":"https:\/\/www.hijasdelamisericordia.com\/ca\/wp-json\/wp\/v2\/users\/1"}],"replies":[{"embeddable":true,"href":"https:\/\/www.hijasdelamisericordia.com\/ca\/wp-json\/wp\/v2\/comments?post=908"}],"version-history":[{"count":0,"href":"https:\/\/www.hijasdelamisericordia.com\/ca\/wp-json\/wp\/v2\/posts\/908\/revisions"}],"wp:attachment":[{"href":"https:\/\/www.hijasdelamisericordia.com\/ca\/wp-json\/wp\/v2\/media?parent=908"}],"wp:term":[{"taxonomy":"category","embeddable":true,"href":"https:\/\/www.hijasdelamisericordia.com\/ca\/wp-json\/wp\/v2\/categories?post=908"},{"taxonomy":"post_tag","embeddable":true,"href":"https:\/\/www.hijasdelamisericordia.com\/ca\/wp-json\/wp\/v2\/tags?post=908"}],"curies":[{"name":"wp","href":"https:\/\/api.w.org\/{rel}","templated":true}]}}